{"id":1180,"date":"2025-05-23T14:21:20","date_gmt":"2025-05-23T12:21:20","guid":{"rendered":"https:\/\/www.hazatalal.hu\/?p=1180"},"modified":"2025-09-20T18:00:15","modified_gmt":"2025-09-20T16:00:15","slug":"a-haza-talal-alapitvany-interjut-adott","status":"publish","type":"post","link":"https:\/\/refugeefindinghome.hu\/en\/2025\/05\/23\/a-haza-talal-alapitvany-interjut-adott\/","title":{"rendered":"A Haza-Tal\u00e1l Alap\u00edtv\u00e1ny interj\u00fat adott"},"content":{"rendered":"<p>A Hat\u00e1r\/helyzetek II. \u2013 Kutat\u00f3m\u0171helyi tanulm\u00e1nyok c\u00edm\u0171 k\u00f6tetben, a K\u00e1roli Interdiszciplin\u00e1ris Kutat\u00e1sok III. k\u00f6tet r\u00e9szek\u00e9nt megjelent egy tanulm\u00e1ny, amely a 2025\/2026-os sz\u00edr menek\u00fclthull\u00e1mot hasonl\u00edtja \u00f6ssze a 2022-es ukr\u00e1n menek\u00fclthull\u00e1mmal.&nbsp;<\/p>\n\n\n\n<p>Alap\u00edtv\u00e1nyunk is megsz\u00f3lal a tanulm\u00e1nyban \u2013 egy interj\u00fa keret\u00e9ben osztottuk meg tapasztalatainkat a menek\u00fcltek seg\u00edt\u00e9s\u00e9r\u0151l. Az interj\u00faban t\u00f6bbek k\u00f6z\u00f6tt ezekre a k\u00e9rd\u00e9sekre v\u00e1laszoltunk:&nbsp;<\/p>\n\n\n\n<p>1.Hogyan lehet szakaszolni a menek\u00fclthull\u00e1mokat, \u00e9s milyenek voltak az els\u0151 hetek?&nbsp;<\/p>\n\n\n\n<p>2.Mik a legnagyobb kih\u00edv\u00e1sok a menek\u00fcl\u0151kkel kapcsolatban?&nbsp;&nbsp;<\/p>\n\n\n\n<p>3. Milyen seg\u00edts\u00e9gny\u00fajt\u00e1sra van ig\u00e9ny? Miben lehet hat\u00e9konyan seg\u00edteni?&nbsp;&nbsp;<\/p>\n\n\n\n<p>4.Fel voltunk-e k\u00e9sz\u00fclve a hat\u00e1rhoz \u00e9rkez\u0151k fogad\u00e1s\u00e1ra?&nbsp;<\/p>\n\n\n\n<p>5. Kikre tudnak t\u00e1maszkodni a seg\u00edt\u0151 alap\u00edtv\u00e1nyok?&nbsp;<\/p>\n\n\n\n<p>6. Miben tudunk hat\u00e9konyan seg\u00edteni, \u00e9s hogyan v\u00e1ltoznak a menek\u00fcltek ig\u00e9nyei az id\u0151 el\u0151rehaladt\u00e1val?&nbsp;<\/p>\n\n\n\n<p>7. Hogyan t\u00e1mogathatjuk az integr\u00e1ci\u00f3jukat?&nbsp;<\/p>\n\n\n\n<p>A teljes tanulm\u00e1ny (269\u2013301. oldal) itt olvashat\u00f3:&nbsp;<\/p>\n\n\n\n<figure class=\"wp-block-image aligncenter size-full is-resized\"><img fetchpriority=\"high\" decoding=\"async\" width=\"670\" height=\"894\" src=\"https:\/\/www.hazatalal.hu\/wp-content\/uploads\/2025\/05\/image-11.jpeg\" alt=\"\" class=\"wp-image-1181\" style=\"width:591px;height:auto\" srcset=\"https:\/\/refugeefindinghome.hu\/wp-content\/uploads\/2025\/05\/image-11.jpeg 670w, https:\/\/refugeefindinghome.hu\/wp-content\/uploads\/2025\/05\/image-11-225x300.jpeg 225w, https:\/\/refugeefindinghome.hu\/wp-content\/uploads\/2025\/05\/image-11-9x12.jpeg 9w\" sizes=\"(max-width: 670px) 100vw, 670px\" \/><\/figure>","protected":false},"excerpt":{"rendered":"<p>A Hat\u00e1r\/helyzetek II. \u2013 Kutat\u00f3m\u0171helyi tanulm\u00e1nyok c\u00edm\u0171 k\u00f6tetben, a K\u00e1roli Interdiszciplin\u00e1ris Kutat\u00e1sok III. k\u00f6tet r\u00e9szek\u00e9nt megjelent egy tanulm\u00e1ny, amely a 2025\/2026-os sz\u00edr menek\u00fclthull\u00e1mot hasonl\u00edtja \u00f6ssze a 2022-es ukr\u00e1n menek\u00fclthull\u00e1mmal.&nbsp; Alap\u00edtv\u00e1nyunk is megsz\u00f3lal a tanulm\u00e1nyban \u2013 egy interj\u00fa keret\u00e9ben osztottuk meg tapasztalatainkat a menek\u00fcltek seg\u00edt\u00e9s\u00e9r\u0151l. Az interj\u00faban t\u00f6bbek k\u00f6z\u00f6tt ezekre a k\u00e9rd\u00e9sekre v\u00e1laszoltunk:&nbsp; 1.Hogyan lehet szakaszolni [&hellip;]<\/p>\n","protected":false},"author":3,"featured_media":1181,"comment_status":"closed","ping_status":"closed","sticky":false,"template":"","format":"standard","meta":{"footnotes":""},"categories":[1],"tags":[],"class_list":["post-1180","post","type-post","status-publish","format-standard","has-post-thumbnail","hentry","category-uncategorized"],"_links":{"self":[{"href":"https:\/\/refugeefindinghome.hu\/en\/wp-json\/wp\/v2\/posts\/1180","targetHints":{"allow":["GET"]}}],"collection":[{"href":"https:\/\/refugeefindinghome.hu\/en\/wp-json\/wp\/v2\/posts"}],"about":[{"href":"https:\/\/refugeefindinghome.hu\/en\/wp-json\/wp\/v2\/types\/post"}],"author":[{"embeddable":true,"href":"https:\/\/refugeefindinghome.hu\/en\/wp-json\/wp\/v2\/users\/3"}],"replies":[{"embeddable":true,"href":"https:\/\/refugeefindinghome.hu\/en\/wp-json\/wp\/v2\/comments?post=1180"}],"version-history":[{"count":1,"href":"https:\/\/refugeefindinghome.hu\/en\/wp-json\/wp\/v2\/posts\/1180\/revisions"}],"predecessor-version":[{"id":1182,"href":"https:\/\/refugeefindinghome.hu\/en\/wp-json\/wp\/v2\/posts\/1180\/revisions\/1182"}],"wp:featuredmedia":[{"embeddable":true,"href":"https:\/\/refugeefindinghome.hu\/en\/wp-json\/wp\/v2\/media\/1181"}],"wp:attachment":[{"href":"https:\/\/refugeefindinghome.hu\/en\/wp-json\/wp\/v2\/media?parent=1180"}],"wp:term":[{"taxonomy":"category","embeddable":true,"href":"https:\/\/refugeefindinghome.hu\/en\/wp-json\/wp\/v2\/categories?post=1180"},{"taxonomy":"post_tag","embeddable":true,"href":"https:\/\/refugeefindinghome.hu\/en\/wp-json\/wp\/v2\/tags?post=1180"}],"curies":[{"name":"wp","href":"https:\/\/api.w.org\/{rel}","templated":true}]}}